{"id":427,"date":"2023-12-21T12:21:42","date_gmt":"2023-12-21T11:21:42","guid":{"rendered":"https:\/\/gasthaus-wiese.de\/home\/?p=427"},"modified":"2026-04-09T11:21:22","modified_gmt":"2026-04-09T09:21:22","slug":"wendlandjazz-2","status":"publish","type":"post","link":"https:\/\/gasthaus-wiese.de\/home\/wendlandjazz-2\/","title":{"rendered":"Wendlandjazz im April"},"content":{"rendered":"\n<p><strong>TRIMALIS<\/strong><\/p>\n\n\n\n<figure class=\"wp-block-image\"><a class=\"fancybox\" href=\"https:\/\/www.wendlandjazz.de\/files\/wendlandjazz.de\/media\/Programm\/2026\/trimalis_FOTOR_DSC6264%20Dusk.jpg\"><img decoding=\"async\" src=\"https:\/\/www.wendlandjazz.de\/assets\/images\/7\/trimalis_FOTOR_DSC6264%20Dusk-c83a73e7.jpg\" alt=\"\"\/><\/a><\/figure>\n\n\n\n<p><strong>Samstag, den 11.04.2026, 20 Uhr<\/strong><\/p>\n\n\n\n<p>Freiheit, Offenheit, Unendlichkeit und vielf\u00e4ltige Kulturen vereinen sich in diesem bemerkenswerten Trio. Trimalis ist eine neue Gruppe, gegr\u00fcndet von drei musikalischen Nomaden: Schlagzeuger und Perkussionist Joost Lijbaart, Multiinstrumentalist Koen Boeijinga und Cellistin Galya Sky. Mit Stammesmelodien, Improvisationen und hypnotischen Rhythmen kreiert Trimalis einen unverwechselbaren Gruppensound, der sich am besten als \u201eWorld Jazz\u201c beschreiben l\u00e4sst. Das Trio verwendet ungew\u00f6hnliche Instrumente aus aller Welt, wie Dudels\u00e4cke, mesoamerikanische Fl\u00f6ten und ein indisches Harmonium, kombiniert mit Cello, Saxophon, Schlagzeug und einer F\u00fclle afrikanischer und asiatischer Perkussion. Ein Trimalis-Konzert ist ein H\u00f6rerlebnis: spirituell, erforschend und transzendent. Musik, die Grenzen \u00fcberschreitet und Zuh\u00f6rer in eine Welt mystischen und kulturellen Reichtums einl\u00e4dt.<\/p>\n\n\n\n<p>Koen Boeijinga - saxophone, wind instruments, harmonium, percussion, fx<br>Galya Sky - cello, kankl\u0117s, fx<br>Joost Lijbaart - drums, percussion<\/p>\n\n\n\n<p>K\u00f6stliches aus der K\u00fcche des Gasthauses ab 18 Uhr, bitte reservieren unter 05848-1259.<\/p>\n\n\n\n<p>Veranstaltungsort: Gasthaus Wiese, Gedelitz<br>Eintritt: 20,00 EUR\/Mitglieder\/Erm\u00e4\u00dfigungen: 15,00 EUR; junge Menschen bis 18 Jahre frei<br>Reservierung: verein@wendlandjazz.de oder 0178 6820016<strong>Samstag, den 21.03.2026, 20 Uhr<\/strong><\/p>\n\n\n\n<p><\/p>\n","protected":false},"excerpt":{"rendered":"<p>TRIMALIS Samstag, den 11.04.2026, 20 Uhr Freiheit, Offenheit, Unendlichkeit und vielf\u00e4ltige Kulturen vereinen sich in diesem bemerkenswerten Trio. Trimalis ist eine neue Gruppe, gegr\u00fcndet von drei musikalischen Nomaden: Schlagzeuger und Perkussionist Joost Lijbaart, Multiinstrumentalist Koen Boeijinga und Cellistin Galya Sky. Mit Stammesmelodien, Improvisationen und hypnotischen Rhythmen kreiert Trimalis einen unverwechselbaren Gruppensound, der sich am besten [&hellip;]<\/p>\n","protected":false},"author":1,"featured_media":785,"comment_status":"open","ping_status":"open","sticky":false,"template":"","format":"standard","meta":{"footnotes":""},"categories":[1,5],"tags":[],"post_folder":[],"class_list":["post-427","post","type-post","status-publish","format-standard","has-post-thumbnail","hentry","category-allgemein","category-wendlandjazz"],"_links":{"self":[{"href":"https:\/\/gasthaus-wiese.de\/home\/wp-json\/wp\/v2\/posts\/427","targetHints":{"allow":["GET"]}}],"collection":[{"href":"https:\/\/gasthaus-wiese.de\/home\/wp-json\/wp\/v2\/posts"}],"about":[{"href":"https:\/\/gasthaus-wiese.de\/home\/wp-json\/wp\/v2\/types\/post"}],"author":[{"embeddable":true,"href":"https:\/\/gasthaus-wiese.de\/home\/wp-json\/wp\/v2\/users\/1"}],"replies":[{"embeddable":true,"href":"https:\/\/gasthaus-wiese.de\/home\/wp-json\/wp\/v2\/comments?post=427"}],"version-history":[{"count":30,"href":"https:\/\/gasthaus-wiese.de\/home\/wp-json\/wp\/v2\/posts\/427\/revisions"}],"predecessor-version":[{"id":786,"href":"https:\/\/gasthaus-wiese.de\/home\/wp-json\/wp\/v2\/posts\/427\/revisions\/786"}],"wp:featuredmedia":[{"embeddable":true,"href":"https:\/\/gasthaus-wiese.de\/home\/wp-json\/wp\/v2\/media\/785"}],"wp:attachment":[{"href":"https:\/\/gasthaus-wiese.de\/home\/wp-json\/wp\/v2\/media?parent=427"}],"wp:term":[{"taxonomy":"category","embeddable":true,"href":"https:\/\/gasthaus-wiese.de\/home\/wp-json\/wp\/v2\/categories?post=427"},{"taxonomy":"post_tag","embeddable":true,"href":"https:\/\/gasthaus-wiese.de\/home\/wp-json\/wp\/v2\/tags?post=427"},{"taxonomy":"post_folder","embeddable":true,"href":"https:\/\/gasthaus-wiese.de\/home\/wp-json\/wp\/v2\/post_folder?post=427"}],"curies":[{"name":"wp","href":"https:\/\/api.w.org\/{rel}","templated":true}]}}